{"id":2688,"date":"2024-04-20T14:30:00","date_gmt":"2024-04-20T12:30:00","guid":{"rendered":"https:\/\/www.treehousekrasnahorka.sk\/?p=2688"},"modified":"2024-07-23T23:59:05","modified_gmt":"2024-07-23T21:59:05","slug":"kuria-andrassyovcov-v-gombaseku","status":"publish","type":"post","link":"https:\/\/www.treehousekrasnahorka.sk\/hu\/kuria-andrassyovcov-v-gombaseku\/","title":{"rendered":"Andr\u00e1\u0161i Gr\u00f3fok Vid\u00e9ki H\u00e1za"},"content":{"rendered":"<div data-elementor-type=\"wp-post\" data-elementor-id=\"2688\" class=\"elementor elementor-2688\" data-elementor-post-type=\"post\">\n\t\t\t\t\t\t<section class=\"elementor-section elementor-top-section elementor-element elementor-element-75ea684f elementor-section-boxed elementor-section-height-default elementor-section-height-default\" data-id=\"75ea684f\" data-element_type=\"section\">\n\t\t\t\t\t\t<div class=\"elementor-container elementor-column-gap-default\">\n\t\t\t\t\t<div class=\"elementor-column elementor-col-100 elementor-top-column elementor-element elementor-element-9377115\" data-id=\"9377115\" data-element_type=\"column\">\n\t\t\t<div class=\"elementor-widget-wrap elementor-element-populated\">\n\t\t\t\t\t\t<div class=\"elementor-element elementor-element-16d32c02 elementor-widget elementor-widget-text-editor\" data-id=\"16d32c02\" data-element_type=\"widget\" data-widget_type=\"text-editor.default\">\n\t\t\t\t<div class=\"elementor-widget-container\">\n\t\t\t\t\t\t\t\t\t\n<p>Hru\u0161ov k\u00f6zs\u00e9gben a m\u00faltban h\u00e1rom arisztokrata uradalom volt. A mai napig csak a Hru\u0161ov gr\u00f3fok vid\u00e9ki uradalma maradt fenn.\u00a0<strong>Az Andr\u00e1ssy csal\u00e1d<\/strong> (Andr\u00e1ssy csal\u00e1d) borospinc\u00e9vel.<\/p>\n\n<figure class=\"wp-block-image size-full wp-block-gallery-3 is-layout-flex wp-block-gallery-is-layout-flex\"><\/figure>\n\t\t\t\t\t\t\t\t<\/div>\n\t\t\t\t<\/div>\n\t\t\t\t<div class=\"elementor-element elementor-element-ef43c59 elementor-widget elementor-widget-image\" data-id=\"ef43c59\" data-element_type=\"widget\" data-widget_type=\"image.default\">\n\t\t\t\t<div class=\"elementor-widget-container\">\n\t\t\t\t\t\t\t\t\t\t\t\t<figure class=\"wp-caption\">\n\t\t\t\t\t\t\t\t\t\t<img fetchpriority=\"high\" decoding=\"async\" width=\"680\" height=\"382\" src=\"https:\/\/www.treehousekrasnahorka.sk\/wp-content\/uploads\/2024\/07\/treehousekrasnahorka-vidiecka-kuria-grofov-andrasiovcov-a.jpg\" class=\"attachment-full size-full wp-image-2691\" alt=\"\" srcset=\"https:\/\/www.treehousekrasnahorka.sk\/wp-content\/uploads\/2024\/07\/treehousekrasnahorka-vidiecka-kuria-grofov-andrasiovcov-a.jpg 680w, https:\/\/www.treehousekrasnahorka.sk\/wp-content\/uploads\/2024\/07\/treehousekrasnahorka-vidiecka-kuria-grofov-andrasiovcov-a-600x337.jpg 600w\" sizes=\"(max-width: 680px) 100vw, 680px\" \/>\t\t\t\t\t\t\t\t\t\t\t<figcaption class=\"widget-image-caption wp-caption-text\">Andr\u00e1ssy Gejza (G\u00e9za) (1856-1938)<\/figcaption>\n\t\t\t\t\t\t\t\t\t\t<\/figure>\n\t\t\t\t\t\t\t\t\t<\/div>\n\t\t\t\t<\/div>\n\t\t\t\t<div class=\"elementor-element elementor-element-74a942b elementor-widget elementor-widget-text-editor\" data-id=\"74a942b\" data-element_type=\"widget\" data-widget_type=\"text-editor.default\">\n\t\t\t\t<div class=\"elementor-widget-container\">\n\t\t\t\t\t\t\t\t\t\n<p>A 18. sz\u00e1zad elej\u00e9n \u00e9p\u00fclt barokk st\u00edlusban. A t\u00e1jh\u00e1z f\u00f6ldszintes t\u00e9gla\u00e9p\u00fclet, szer\u00e9ny \u00e9p\u00edt\u00e9szeti d\u00edsz\u00edt\u00e9ssel. A T-alak\u00fa alaprajz\u00fa \u00e9p\u00fclet a falu egyik legr\u00e9gebbi fennmaradt \u00e9p\u00fclete, amelyet a 19. sz\u00e1zad v\u00e9g\u00e9n finoman \u00e1talak\u00edtottak, majd a 20. sz\u00e1zad k\u00f6zep\u00e9n a mai form\u00e1j\u00e1ra. A tet\u0151 cs\u00fccs\u00f6ktet\u0151s, egy dormerrel (az \u00e9p\u00fclet tet\u0151szerkezet\u00e9ben l\u00e9v\u0151, \u00e9p\u00edt\u00e9szetileg m\u00f3dos\u00edtott ny\u00edl\u00e1s), amelyet kor\u00e1bban zsindellyel fedtek. A h\u00e1z f\u0151homlokzat\u00e1n \u00f6t, hat ablakb\u00f3l \u00e1ll\u00f3 kast\u00e9lyablak tal\u00e1lhat\u00f3. Az eredeti ablakok k\u00f6r\u00fcli homlokzati d\u00edszl\u00e9ceket (p\u00e1rk\u00e1nyokat) eszt\u00e9tikusan keretezi egy t\u00e9glalap alak\u00fa fel\u00fcleti stukk\u00f3d\u00edsz\u00edt\u00e9s.<\/p>\n\n<figure class=\"wp-block-image size-full wp-block-gallery-4 is-layout-flex wp-block-gallery-is-layout-flex\"><\/figure>\n\n<p>Kezdett\u0151l fogva a gr\u00f3fi csal\u00e1d\u00e9 volt.<strong>\u00a0Az Andr\u00e1ssy csal\u00e1d<\/strong>\u00a0(magyarul: Andr\u00e1ssy csal\u00e1d), aki a m\u00faltban alkalmi sz\u00e1ll\u00e1shelyk\u00e9nt haszn\u00e1lta a k\u00f6rny\u00e9kbeli vad\u00e1szatok alkalm\u00e1val.<\/p>\n\n<p>A gr\u00f3f \u00e9p\u00edtette\u00a0<strong>Joseph<\/strong>\u00a0<strong>Andr\u00e1s<\/strong>\u00a0(magyarul: Andr\u00e1ssy J\u00f3zsef) (*1762 _ +1834) vagy az apja.\u00a0<strong>Charles<\/strong>\u00a0<strong>Andr\u00e1s<\/strong>\u00a0(Andr\u00e1ssy K\u00e1roly) (*1725 _ +1792) 1789 k\u00f6r\u00fcl.<\/p>\n\n<p>A csal\u00e1d Betliar \u00e1g\u00e1hoz tartoztak.\u00a0<strong>Az Andr\u00e1ssy csal\u00e1d\u00a0<\/strong>(az Andr\u00e1ssy csal\u00e1d).<\/p>\n\n<p>A K\u00fari\u00e1hoz tartozott\u00a0<strong>Az Andr\u00e1ssy csal\u00e1dnak<\/strong>\u00a0(Andr\u00e1ssy csal\u00e1d) 1927-ig.<\/p>\n\n<p>Azt\u00e1n eladta.\u00a0<strong>Gejza Andr\u00e1\u0161i<\/strong>\u00a0(magyarul: Andr\u00e1ssy G\u00e9za) (*1856 _ +1938) a fia nev\u00e9ben\u00a0<strong>Emmanuel II. Andr\u00e1s<\/strong>\u00a0(Magyar: Andr\u00e1ssy Man\u00f3) (*1892 _ +1953) csal\u00e1d\u00a0<strong>\u0160eb\u0151<\/strong>.<\/p>\n\n<p>A h\u00e1z jelenleg sz\u00e1ll\u00e1shelyk\u00e9nt szolg\u00e1l a k\u00f6vetkez\u0151 n\u00e9ven\u00a0<strong>Curia a g\u00f3ly\u00e1kn\u00e1l<\/strong>.<\/p>\n\t\t\t\t\t\t\t\t<\/div>\n\t\t\t\t<\/div>\n\t\t\t\t<div class=\"elementor-element elementor-element-ec1e211 elementor-widget elementor-widget-heading\" data-id=\"ec1e211\" data-element_type=\"widget\" data-widget_type=\"heading.default\">\n\t\t\t\t<div class=\"elementor-widget-container\">\n\t\t\t\t\t<h2 class=\"elementor-heading-title elementor-size-default\">T\u00e9rk\u00e9pek\n<\/h2>\t\t\t\t<\/div>\n\t\t\t\t<\/div>\n\t\t\t\t<div class=\"elementor-element elementor-element-507da7c elementor-widget elementor-widget-google_maps\" data-id=\"507da7c\" data-element_type=\"widget\" data-widget_type=\"google_maps.default\">\n\t\t\t\t<div class=\"elementor-widget-container\">\n\t\t\t\t\t\t\t<div class=\"elementor-custom-embed\">\n\t\t\t<iframe loading=\"lazy\"\n\t\t\t\t\tsrc=\"https:\/\/maps.google.com\/maps?q=Hru%C5%A1ov%2076%2C%20049%2043%20Hru%C5%A1ov%2C%20Slovensko&#038;t=m&#038;z=15&#038;output=embed&#038;iwloc=near\"\n\t\t\t\t\ttitle=\"Hru\u0161ov 76, 049 43 Hru\u0161ov, Szlov\u00e1kia\"\n\t\t\t\t\taria-label=\"Hru\u0161ov 76, 049 43 Hru\u0161ov, Szlov\u00e1kia\"\n\t\t\t><\/iframe>\n\t\t<\/div>\n\t\t\t\t\t\t<\/div>\n\t\t\t\t<\/div>\n\t\t\t\t\t<\/div>\n\t\t<\/div>\n\t\t\t\t\t<\/div>\n\t\t<\/section>\n\t\t\t\t<\/div>","protected":false},"excerpt":{"rendered":"<p>V obci\u00a0Hru\u0161ov\u00a0sa v minulosti nach\u00e1dzali tri \u0161\u013eachtick\u00e9 k\u00farie. Dodnes sa zachovala jedine vidiecka k\u00faria gr\u00f3fov\u00a0Andr\u00e1\u0161iovcov (Andr\u00e1ssyovcov) s v\u00ednnou pivnicou. Gejza (G\u00e9za) Andr\u00e1ssy (1856-1938) Bola postaven\u00e1 za\u010diatkom 18. storo\u010dia v barokovom slohu. Vidiecka k\u00faria je pr\u00edzemn\u00e1 murovan\u00e1 budova so skromnou architektonickou v\u00fdzdobou. Budova s p\u00f4dorysom v tvare p\u00edsmena T bola patr\u00ed medzi najstar\u0161ie zachovan\u00e9 objekty v [&hellip;]<\/p>","protected":false},"author":2,"featured_media":2693,"comment_status":"closed","ping_status":"closed","sticky":false,"template":"","format":"standard","meta":{"footnotes":""},"categories":[1],"tags":[91,86,87,90,88,89,80,81],"class_list":["post-2688","post","type-post","status-publish","format-standard","has-post-thumbnail","hentry","category-historicke-pamiatky","tag-dobrodruzstvo","tag-dovolenka","tag-oddych","tag-pohoda","tag-prazdniny","tag-relax","tag-stromodom","tag-treehouse"],"_links":{"self":[{"href":"https:\/\/www.treehousekrasnahorka.sk\/hu\/wp-json\/wp\/v2\/posts\/2688","targetHints":{"allow":["GET"]}}],"collection":[{"href":"https:\/\/www.treehousekrasnahorka.sk\/hu\/wp-json\/wp\/v2\/posts"}],"about":[{"href":"https:\/\/www.treehousekrasnahorka.sk\/hu\/wp-json\/wp\/v2\/types\/post"}],"author":[{"embeddable":true,"href":"https:\/\/www.treehousekrasnahorka.sk\/hu\/wp-json\/wp\/v2\/users\/2"}],"replies":[{"embeddable":true,"href":"https:\/\/www.treehousekrasnahorka.sk\/hu\/wp-json\/wp\/v2\/comments?post=2688"}],"version-history":[{"count":29,"href":"https:\/\/www.treehousekrasnahorka.sk\/hu\/wp-json\/wp\/v2\/posts\/2688\/revisions"}],"predecessor-version":[{"id":2799,"href":"https:\/\/www.treehousekrasnahorka.sk\/hu\/wp-json\/wp\/v2\/posts\/2688\/revisions\/2799"}],"wp:featuredmedia":[{"embeddable":true,"href":"https:\/\/www.treehousekrasnahorka.sk\/hu\/wp-json\/wp\/v2\/media\/2693"}],"wp:attachment":[{"href":"https:\/\/www.treehousekrasnahorka.sk\/hu\/wp-json\/wp\/v2\/media?parent=2688"}],"wp:term":[{"taxonomy":"category","embeddable":true,"href":"https:\/\/www.treehousekrasnahorka.sk\/hu\/wp-json\/wp\/v2\/categories?post=2688"},{"taxonomy":"post_tag","embeddable":true,"href":"https:\/\/www.treehousekrasnahorka.sk\/hu\/wp-json\/wp\/v2\/tags?post=2688"}],"curies":[{"name":"wp","href":"https:\/\/api.w.org\/{rel}","templated":true}]}}