{"id":2937,"date":"2024-07-23T17:49:32","date_gmt":"2024-07-23T15:49:32","guid":{"rendered":"https:\/\/www.treehousekrasnahorka.sk\/?p=2937"},"modified":"2024-07-23T23:57:07","modified_gmt":"2024-07-23T21:57:07","slug":"turniansky-hrad","status":"publish","type":"post","link":"https:\/\/www.treehousekrasnahorka.sk\/hu\/turniansky-hrad\/","title":{"rendered":"Turnian kast\u00e9ly"},"content":{"rendered":"<div data-elementor-type=\"wp-post\" data-elementor-id=\"2937\" class=\"elementor elementor-2937\" data-elementor-post-type=\"post\">\n\t\t\t\t\t\t<section class=\"elementor-section elementor-top-section elementor-element elementor-element-448368f0 elementor-section-boxed elementor-section-height-default elementor-section-height-default\" data-id=\"448368f0\" data-element_type=\"section\">\n\t\t\t\t\t\t<div class=\"elementor-container elementor-column-gap-default\">\n\t\t\t\t\t<div class=\"elementor-column elementor-col-100 elementor-top-column elementor-element elementor-element-313f668b\" data-id=\"313f668b\" data-element_type=\"column\">\n\t\t\t<div class=\"elementor-widget-wrap elementor-element-populated\">\n\t\t\t\t\t\t<div class=\"elementor-element elementor-element-21f60384 elementor-widget elementor-widget-text-editor\" data-id=\"21f60384\" data-element_type=\"widget\" data-widget_type=\"text-editor.default\">\n\t\t\t\t<div class=\"elementor-widget-container\">\n\t\t\t\t\t\t\t\t\t<p>Romjai Tur\u0148a nad Bodvou falu f\u00f6l\u00e9 magasodnak, egy 375 m magas karsztos dombon, a Bodvou-hegys\u00e9gben. <strong>NP Szlov\u00e1k Karszt<\/strong>. Van egy nemzeti term\u00e9szetv\u00e9delmi ter\u00fclet Turniansky hradn\u00fd vrch. A Z\u00e1diel-s\u00edks\u00e1g e mag\u00e1nyos dombj\u00e1n m\u00e1r messzir\u0151l l\u00e1tszanak a hatalmas romjai. A m\u00faltban ez volt a k\u00f6zigazgat\u00e1si k\u00f6zpontja <strong>a Turnian See<\/strong>. A v\u00e1r k\u00e9t r\u00e9szb\u0151l \u00e1llt (fels\u0151 \u00e9s als\u00f3).<\/p><p>A tornai v\u00e1r romjaib\u00f3l sz\u00e9p kil\u00e1t\u00e1s ny\u00edlik Tur\u0148a nad Bodvou k\u00f6zs\u00e9gre, H\u00e1j k\u00f6zs\u00e9gre, a fest\u0151i H\u00e1j-v\u00f6lgyre, a Z\u00e1diel-s\u00edks\u00e1g egy r\u00e9sz\u00e9re, keleten a Jasov-s\u00edks\u00e1gra, a Doln\u00fd vrch-s\u00edks\u00e1g egy r\u00e9sz\u00e9re, d\u00e9lkeleten a Kassai-medenc\u00e9re, d\u00e9len pedig a tornai medenc\u00e9re.<\/p><p>A v\u00e1r alatt minden \u00e9v m\u00e1jus\u00e1ban \u00e9s szeptember\u00e9ben kultur\u00e1lis \u00e9s sz\u00f3rakoztat\u00f3 rendezv\u00e9nyeket tartanak. <strong>TURNIAI LOVAGI \u00dcNNEPS\u00c9GEK<\/strong>.<\/p><h3>Az eml\u00e9km\u0171 megk\u00f6zel\u00edthet\u0151s\u00e9ge<\/h3><p>A v\u00e1rromok megk\u00f6zel\u00edthet\u0151ek a\u00a0<img decoding=\"async\" class=\"alignnone wp-image-10352 size-full lazy-loaded\" src=\"http:\/\/www.slovensky-kras.eu\/info\/wp-content\/uploads\/2013\/07\/modra.png\" alt=\"\" width=\"20\" height=\"21\" data-lazy-type=\"image\" data-src=\"http:\/\/www.slovensky-kras.eu\/info\/wp-content\/uploads\/2013\/07\/modra.png\" \/> a k\u00e9k t\u00fara\u00fatvonalon k\u00f6zvetlen\u00fcl Tur\u0148a nad Bodvou falub\u00f3l, vagy a Tur\u0148a nad Bodvou hegys\u00e9gben tal\u00e1lhat\u00f3 <img decoding=\"async\" class=\"alignnone wp-image-10332 size-full lazy-loaded\" src=\"http:\/\/www.slovensky-kras.eu\/info\/wp-content\/uploads\/2013\/06\/zlta.png\" alt=\"\" width=\"20\" height=\"21\" data-lazy-type=\"image\" data-src=\"http:\/\/www.slovensky-kras.eu\/info\/wp-content\/uploads\/2013\/06\/zlta.png\" data-imagelightbox=\"\" \/> s\u00e1rga t\u00fara\u00fatvonal a H\u00e1j falub\u00f3l.<\/p><p>Az I\/50-es f\u0151\u00fat \u00e1thalad a falun, ami sz\u00fcks\u00e9ges a nagy parkol\u00f3hoz, ahol van egy vend\u00e9gh\u00e1z \u00e9s egy \u00e9tterem Pod Hradom .<\/p><p>A parkol\u00f3b\u00f3l balra kell tov\u00e1bbmenni a f\u00f6ld\u00faton, amely csatlakozik a k\u00e9k t\u00fara\u00fatvonalhoz. <img decoding=\"async\" class=\"alignnone wp-image-10352 size-full lazy-loaded\" src=\"http:\/\/www.slovensky-kras.eu\/info\/wp-content\/uploads\/2013\/07\/modra.png\" alt=\"\" width=\"20\" height=\"21\" data-lazy-type=\"image\" data-src=\"http:\/\/www.slovensky-kras.eu\/info\/wp-content\/uploads\/2013\/07\/modra.png\" \/>.<\/p><p>Tur\u0148a nad Bodvou \u00e9s <strong>nyereg Hradn\u00e1 str\u00e1\u0148 (350 m tengerszint feletti magass\u00e1g)<\/strong> egy utaz\u00e1st tesz a\u00a0 <img decoding=\"async\" class=\"alignnone wp-image-10352 size-full lazy-loaded\" src=\"http:\/\/www.slovensky-kras.eu\/info\/wp-content\/uploads\/2013\/07\/modra.png\" alt=\"\" width=\"20\" height=\"21\" data-lazy-type=\"image\" data-src=\"http:\/\/www.slovensky-kras.eu\/info\/wp-content\/uploads\/2013\/07\/modra.png\" data-imagelightbox=\"\" \/> k\u00e9k jelz\u00e9s 35 perc.<\/p><p>H\u00e1j falut\u00f3l<strong> nyereg Hradn\u00e1 str\u00e1\u0148 (350 m tengerszint feletti magass\u00e1g)<\/strong> egy utaz\u00e1st tesz a <img decoding=\"async\" class=\"alignnone wp-image-10332 size-full lazy-loaded\" src=\"http:\/\/www.slovensky-kras.eu\/info\/wp-content\/uploads\/2013\/06\/zlta.png\" alt=\"\" width=\"20\" height=\"21\" data-lazy-type=\"image\" data-src=\"http:\/\/www.slovensky-kras.eu\/info\/wp-content\/uploads\/2013\/06\/zlta.png\" data-imagelightbox=\"\" \/> s\u00e1rga jel\u00f6l\u0151vel 25 percig.<\/p><p>A nyeregb\u0151l kevesebb mint 10 perc alatt el lehet jutni a kast\u00e9lyhoz egy jel\u00f6letlen, szek\u00e9rkerekek nyomvonal\u00e1n vezet\u0151 t\u00f6rt\u00e9nelmi \u00fatvonalon.<\/p><p>H\u00e1j k\u00f6zs\u00e9g Tur\u0148a nad Bodvou k\u00f6zs\u00e9gb\u0151l egy le\u00e1gaz\u00e1son kereszt\u00fcl \u00e9rhet\u0151 el, amely a fontos, a k\u00f6zs\u00e9gre vezet\u0151 \u00faton tal\u00e1lhat\u00f3. <strong>I. 16. oszt\u00e1ly\u00fa \u00fat (I\/16)<\/strong> a Zvolen - Lu\u010denec - Ro\u017e\u0148ava - Ko\u0161ice \u00fatvonalon.<\/p>\t\t\t\t\t\t\t\t<\/div>\n\t\t\t\t<\/div>\n\t\t\t\t<div class=\"elementor-element elementor-element-2a7df27 elementor-widget elementor-widget-heading\" data-id=\"2a7df27\" data-element_type=\"widget\" data-widget_type=\"heading.default\">\n\t\t\t\t<div class=\"elementor-widget-container\">\n\t\t\t\t\t<h2 class=\"elementor-heading-title elementor-size-default\">T\u00e9rk\u00e9pek\n<\/h2>\t\t\t\t<\/div>\n\t\t\t\t<\/div>\n\t\t\t\t<div class=\"elementor-element elementor-element-9ccee8d elementor-widget elementor-widget-google_maps\" data-id=\"9ccee8d\" data-element_type=\"widget\" data-widget_type=\"google_maps.default\">\n\t\t\t\t<div class=\"elementor-widget-container\">\n\t\t\t\t\t\t\t<div class=\"elementor-custom-embed\">\n\t\t\t<iframe loading=\"lazy\"\n\t\t\t\t\tsrc=\"https:\/\/maps.google.com\/maps?q=Turniansky%20hrad&#038;t=m&#038;z=15&#038;output=embed&#038;iwloc=near\"\n\t\t\t\t\ttitle=\"Turnian kast\u00e9ly\"\n\t\t\t\t\taria-label=\"Turnian kast\u00e9ly\"\n\t\t\t><\/iframe>\n\t\t<\/div>\n\t\t\t\t\t\t<\/div>\n\t\t\t\t<\/div>\n\t\t\t\t\t<\/div>\n\t\t<\/div>\n\t\t\t\t\t<\/div>\n\t\t<\/section>\n\t\t\t\t<\/div>","protected":false},"excerpt":{"rendered":"<p>Jeho zr\u00facaniny sa t\u00fd\u010dia nad obcou Tur\u0148a nad Bodvou, na krasovom kopci vysokom 375 m v NP Slovensk\u00fd kras. Nach\u00e1dza sa tu n\u00e1rodn\u00e1 pr\u00edrodn\u00e1 rezerv\u00e1cia Turniansky hradn\u00fd vrch. Na tomto osamelom kopci Z\u00e1dielskej planiny u\u017e z\u010faleka vidie\u0165 vy\u010dnieva\u0165 jeho mohutn\u00e9 ruiny. V minulosti bol spr\u00e1vnym centrom Turnianskej stolice. Hrad sa skladal z dvoch \u010dast\u00ed (hornej [&hellip;]<\/p>","protected":false},"author":2,"featured_media":2938,"comment_status":"closed","ping_status":"closed","sticky":false,"template":"","format":"standard","meta":{"footnotes":""},"categories":[1,21],"tags":[91,86,87,90,88,89,80,81],"class_list":["post-2937","post","type-post","status-publish","format-standard","has-post-thumbnail","hentry","category-historicke-pamiatky","category-krasy-prirody","tag-dobrodruzstvo","tag-dovolenka","tag-oddych","tag-pohoda","tag-prazdniny","tag-relax","tag-stromodom","tag-treehouse"],"_links":{"self":[{"href":"https:\/\/www.treehousekrasnahorka.sk\/hu\/wp-json\/wp\/v2\/posts\/2937","targetHints":{"allow":["GET"]}}],"collection":[{"href":"https:\/\/www.treehousekrasnahorka.sk\/hu\/wp-json\/wp\/v2\/posts"}],"about":[{"href":"https:\/\/www.treehousekrasnahorka.sk\/hu\/wp-json\/wp\/v2\/types\/post"}],"author":[{"embeddable":true,"href":"https:\/\/www.treehousekrasnahorka.sk\/hu\/wp-json\/wp\/v2\/users\/2"}],"replies":[{"embeddable":true,"href":"https:\/\/www.treehousekrasnahorka.sk\/hu\/wp-json\/wp\/v2\/comments?post=2937"}],"version-history":[{"count":7,"href":"https:\/\/www.treehousekrasnahorka.sk\/hu\/wp-json\/wp\/v2\/posts\/2937\/revisions"}],"predecessor-version":[{"id":2945,"href":"https:\/\/www.treehousekrasnahorka.sk\/hu\/wp-json\/wp\/v2\/posts\/2937\/revisions\/2945"}],"wp:featuredmedia":[{"embeddable":true,"href":"https:\/\/www.treehousekrasnahorka.sk\/hu\/wp-json\/wp\/v2\/media\/2938"}],"wp:attachment":[{"href":"https:\/\/www.treehousekrasnahorka.sk\/hu\/wp-json\/wp\/v2\/media?parent=2937"}],"wp:term":[{"taxonomy":"category","embeddable":true,"href":"https:\/\/www.treehousekrasnahorka.sk\/hu\/wp-json\/wp\/v2\/categories?post=2937"},{"taxonomy":"post_tag","embeddable":true,"href":"https:\/\/www.treehousekrasnahorka.sk\/hu\/wp-json\/wp\/v2\/tags?post=2937"}],"curies":[{"name":"wp","href":"https:\/\/api.w.org\/{rel}","templated":true}]}}