{"id":76,"date":"2022-11-19T03:11:08","date_gmt":"2022-11-19T02:11:08","guid":{"rendered":"https:\/\/gaviaspreview.com\/wp\/gowilds\/?p=76"},"modified":"2024-07-18T22:16:08","modified_gmt":"2024-07-18T20:16:08","slug":"hrad-krasna-horka","status":"publish","type":"post","link":"https:\/\/www.treehousekrasnahorka.sk\/hu\/hrad-krasna-horka\/","title":{"rendered":"Kr\u00e1sna H\u00f4rka kast\u00e9ly"},"content":{"rendered":"<div data-elementor-type=\"wp-post\" data-elementor-id=\"76\" class=\"elementor elementor-76\" data-elementor-post-type=\"post\">\n\t\t\t\t\t\t<section class=\"elementor-section elementor-top-section elementor-element elementor-element-448368f0 elementor-section-boxed elementor-section-height-default elementor-section-height-default\" data-id=\"448368f0\" data-element_type=\"section\">\n\t\t\t\t\t\t<div class=\"elementor-container elementor-column-gap-default\">\n\t\t\t\t\t<div class=\"elementor-column elementor-col-100 elementor-top-column elementor-element elementor-element-313f668b\" data-id=\"313f668b\" data-element_type=\"column\">\n\t\t\t<div class=\"elementor-widget-wrap elementor-element-populated\">\n\t\t\t\t\t\t<div class=\"elementor-element elementor-element-21f60384 elementor-widget elementor-widget-text-editor\" data-id=\"21f60384\" data-element_type=\"widget\" data-widget_type=\"text-editor.default\">\n\t\t\t\t<div class=\"elementor-widget-container\">\n\t\t\t\t\t\t\t\t\t\n<h3 class=\"wp-block-heading\">A kast\u00e9ly t\u00f6rt\u00e9nete<\/h3>\n\n\n\n<p>Kr\u00e1sna H\u00f4rka az egyetlen olyan szlov\u00e1kiai v\u00e1r, amelynek \u00e9p\u00edt\u00e9szete \u00e9s gy\u0171jtem\u00e9nyei szinte \u00e9rintetlen\u00fcl maradtak fenn. A v\u00e1r els\u0151sorban v\u00e9delmi \u00e9s k\u00f6zigazgat\u00e1si funkci\u00f3t t\u00f6lt\u00f6tt be, \u00e9s csak kis m\u00e9rt\u00e9kben volt lak\u00f3funkci\u00f3ja. \u00c9p\u00edt\u00e9szet\u00e9nek megjelen\u00e9s\u00e9t a 18. sz\u00e1zad els\u0151 fel\u00e9ig tart\u00f3 \u00e1t\u00e9p\u00edt\u00e9sek befoly\u00e1solt\u00e1k, \u00e9s a 19. sz\u00e1zadban egyfajta fest\u0151i elhanyagolts\u00e1g \u00e9s romantikus beavatkoz\u00e1sok hat\u00e1rozt\u00e1k meg a kellemes hangulat\u00fa vid\u00e9ki rezidencia jelleg\u00e9t. A 17. sz\u00e1zad v\u00e9g\u00e9re a tulajdonosok viszonyul\u00e1sa \u0151si kast\u00e9lyukhoz mai fogalmakkal nosztalgikusnak mondhat\u00f3.<\/p>\n\n\n\n<p>Ez\u00e9rt az Andr\u00e1ssy csal\u00e1d hamarosan, 1850 ut\u00e1n \u00fagy d\u00f6nt\u00f6tt, hogy a Kr\u00e1sn\u00e1 H\u00f4rka m\u00fazeumm\u00e1 alak\u00edtja \u00e1t. Kr\u00e1sn\u00e1 H\u00f4rka teh\u00e1t nem katonai er\u0151d\u00edtm\u00e9nyk\u00e9nt maradt meg a k\u00f6ztudatban (a k\u00f6zel\u00e9ben zajlott az 1556-os rozsny\u00f3i csata, \u00e9s a v\u00e1r az uradalmi felkel\u00e9sek idej\u00e9n is katonai k\u00f6zpont volt), nem is pomp\u00e1s reprezentat\u00edv rezidenciak\u00e9nt, hanem csal\u00e1di eml\u00e9khelyk\u00e9nt, ahol az \u0151s\u00f6k \u00e9s a r\u00e9gm\u00falt relikvi\u00e1it gy\u0171jt\u00f6tt\u00e9k \u00e9s t\u00e1rolt\u00e1k. Paradox m\u00f3don a kast\u00e9ly reprezentat\u00edv funkci\u00f3j\u00e1t (Franti\u0161ek Andr\u00e1ssy 1740 k\u00f6r\u00fcli r\u00f6vid id\u0151szak\u00e1t lesz\u00e1m\u00edtva) a 19. sz\u00e1zadban t\u00f6lt\u00f6tte be, amikor az Andr\u00e1ssy csal\u00e1d tagjai b\u00fcszk\u00e9n mutogatt\u00e1k politikai \u00e9s \u00fczleti partnereiknek, valamint el\u0151kel\u0151 l\u00e1togat\u00f3iknak. A gy\u00f6ny\u00f6r\u0171 H\u00f4rka meglehet\u0151sen romantikus elk\u00e9pzel\u00e9seket teljes\u00edt a kast\u00e9lyr\u00f3l, r\u00e9szben a renesz\u00e1nsz \u00e9s barokk nemesi udvari kult\u00far\u00e1b\u00f3l mer\u00edtve.<\/p>\n\n\n\n<p>A v\u00e1r anyagi \u00f6sszet\u00e9tele kiv\u00e1l\u00f3 p\u00e9ld\u00e1ja annak, hogy a v\u00e1r hogyan n\u0151tt \u00e9s b\u0151v\u00fclt az \u00e9vsz\u00e1zadok sor\u00e1n - a v\u00e1rkomplexum els\u0151 \u00e9p\u00fcleteit\u0151l a szikla legmagasabb pontj\u00e1n \u00e1ll\u00f3 v\u00e1r\u00e9p\u00fcletekt\u0151l az eredeti funkci\u00f3j\u00e1t\u00f3l f\u00fcggetlen \u00e9p\u00edt\u00e9szetig az el\u0151v\u00e1rban. A v\u00e1r eredete a 13-14. sz\u00e1zad fordul\u00f3j\u00e1ra tehet\u0151, \u00e9s nyomai ma m\u00e1r alig olvashat\u00f3k m\u00e1s korszakok j\u00e1rul\u00e9kai alatt. Kr\u00e1sn\u00e1 H\u00f4rka teh\u00e1t ink\u00e1bb renesz\u00e1nsz v\u00e1r, mint k\u00f6z\u00e9pkori, k\u00f6sz\u00f6nhet\u0151en a 16. sz\u00e1zadban a Bebekek, majd a 17. sz\u00e1zadban Andr\u00e1ssy Mikul\u00e1s \u00e1ltal v\u00e9grehajtott kiterjedt \u00e9p\u00edt\u00e9si \u00e1talak\u00edt\u00e1soknak. \u017dofia Ser\u00e9da 1710-ben bek\u00f6vetkezett hal\u00e1la ut\u00e1n fia, Franti\u0161ek \u00e9s feles\u00e9ge, Keresztes Kata egy barokk nemesi udvarh\u00e1z \u00e9p\u00edt\u00e9s\u00e9be kezdett. Az elhanyagolhat\u00f3 \u00e9p\u00edt\u00e9si tev\u00e9kenys\u00e9g mellett jelent\u0151sebbek azok a m\u0171vek, amelyek l\u00e9trehoz\u00e1s\u00e1t nyilv\u00e1nval\u00f3an a mec\u00e9n\u00e1s m\u00e9ly vall\u00e1soss\u00e1ga motiv\u00e1lta.<\/p>\n\n\n\n<h2 class=\"wp-block-heading\">19. sz\u00e1zad<\/h2>\n\n\n\n<p>Andr\u00e1ssy Frigyes alatt \u00e9p\u00fclt az els\u0151 kapu monument\u00e1lis szenteket \u00e1br\u00e1zol\u00f3 szobord\u00edsz\u00edt\u00e9ssel, a kast\u00e9ly el\u0151tti Nepomuki Szent J\u00e1nos-k\u00e1polna, egy barokk (val\u00f3sz\u00edn\u0171leg) szenth\u00e1roms\u00e1goszlop (ma torz\u00f3) \u00e9s sz\u00e1mos vall\u00e1si mot\u00edvumokat \u00e1br\u00e1zol\u00f3 festm\u00e9ny. Nyilv\u00e1nval\u00f3an erre az id\u0151szakra tehet\u0151 Sz\u0171z M\u00e1ria kultusz\u00e1nak elterjed\u00e9se is, akinek k\u00e9s\u0151bb a v\u00e1rk\u00e1poln\u00e1t is szentelt\u00e9k Nagyboldogasszony tisztelet\u00e9re. Val\u00f3sz\u00edn\u0171leg ebben az id\u0151szakban alak\u00edtott\u00e1k ki az udvarokban az \u00fagynevezett kerteket, amelyeket a term\u00e9sk\u0151 befalaz\u00e1s\u00e1val hoztak l\u00e9tre. A 18. sz\u00e1zad v\u00e9g\u00e9n a Beaumont Madonna kultusz\u00e1nak er\u0151s\u00f6d\u00e9se miatt az Andr\u00e1ssy csal\u00e1d a r\u00e9gi, Ferenc korabeli k\u00e1poln\u00e1t (a d\u00e9li t\u00fcz\u00e9rs\u00e9gi b\u00e1stya hely\u00e9n) t\u00e1gasabb, gazdagon d\u00edsz\u00edtett falfestm\u00e9nyekkel \u00e9s a k\u00f6zponti v\u00e1r egykori lak\u00f3sz\u00e1rny\u00e1ba vezet\u0151 k\u00f3russal ell\u00e1tott templomm\u00e1 \u00e9p\u00edttette \u00e1t.<\/p>\n\n\n\n<p>A kast\u00e9ly \u00fajkori t\u00f6rt\u00e9net\u00e9nek egyik \u00e9rdekes \u00e1llom\u00e1sa a 19. sz\u00e1zad eleji t\u0171zv\u00e9sz ut\u00e1ni id\u0151szak. III. Istv\u00e1n \u00f6zvegye, Festetich M\u00e1ria gr\u00f3fn\u0151 jav\u00edttatta ki a v\u00e1rat, s\u0151t, m\u00e9g a kast\u00e9ly szob\u00e1iba is bek\u00f6lt\u00f6z\u00f6tt (a k\u00f6zponti v\u00e1rban). A szob\u00e1kat Josef Caucik \u00e9s Henri Cavet m\u0171veivel rendezte be \u00e9s d\u00edsz\u00edtette. Ezek a termek k\u00e9pezt\u00e9k az alapj\u00e1t a csal\u00e1di m\u00fazeum l\u00e9trehoz\u00e1s\u00e1nak, amelyet az Andr\u00e1ssyak \"r\u00e9gis\u00e9gt\u00e1rnak\" neveztek. A Kr\u00e1sn\u00e1 H\u00f4rka m\u00fazeumk\u00e9nt val\u00f3 els\u0151 eml\u00edt\u00e9se 1857-b\u0151l sz\u00e1rmazik. Az egyik csal\u00e1di szerz\u0151d\u00e9s alapj\u00e1n Kr\u00e1sn\u00e1 H\u00f4rka a csal\u00e1d tagjainak v\u00e9gs\u0151 nyughelyek\u00e9nt lett kijel\u00f6lve. Az 1890-es \u00e9vek v\u00e9g\u00e9n gr\u00f3f Dion\u00fdz Andr\u00e1ssy Gy. Cziglert Budapestrol, hogy \u00e9p\u00edtse \u00e1t a k\u00f6zponti kast\u00e9ly pinc\u00e9it \u00e9s v\u00e9gezzen kisebb \u00e1talak\u00edt\u00e1sokat az udvarokon. Ekkor \u00e9p\u00fclt egy kov\u00e1csoltvas korl\u00e1ttal ell\u00e1tott l\u00e9pcs\u0151h\u00e1z, amely \u00f6sszek\u00f6t\u00f6tte a \"becs\u00fclet\" udvart \u00e9s a park ter\u00fclet\u00e9t, ahol 1828-ban egy egyed\u00fcl\u00e1ll\u00f3 neog\u00f3tikus k\u00e1poln\u00e1t \u00e9p\u00edtettek. Ugyanebben az id\u0151szakban hozt\u00e1k l\u00e9tre az egyed\u00fcl\u00e1ll\u00f3 Ferenc M\u00fazeumot, amely a csal\u00e1d fiatalabb \u00e1g\u00e1nak utols\u00f3 f\u00e9rfi lesz\u00e1rmazottja feles\u00e9g\u00e9nek \u00e1ll\u00edt eml\u00e9ket.<\/p>\n\t\t\t\t\t\t\t\t<\/div>\n\t\t\t\t<\/div>\n\t\t\t\t<div class=\"elementor-element elementor-element-2a7df27 elementor-widget elementor-widget-heading\" data-id=\"2a7df27\" data-element_type=\"widget\" data-widget_type=\"heading.default\">\n\t\t\t\t<div class=\"elementor-widget-container\">\n\t\t\t\t\t<h2 class=\"elementor-heading-title elementor-size-default\">T\u00e9rk\u00e9pek\n<\/h2>\t\t\t\t<\/div>\n\t\t\t\t<\/div>\n\t\t\t\t<div class=\"elementor-element elementor-element-9ccee8d elementor-widget elementor-widget-google_maps\" data-id=\"9ccee8d\" data-element_type=\"widget\" data-widget_type=\"google_maps.default\">\n\t\t\t\t<div class=\"elementor-widget-container\">\n\t\t\t\t\t\t\t<div class=\"elementor-custom-embed\">\n\t\t\t<iframe loading=\"lazy\"\n\t\t\t\t\tsrc=\"https:\/\/maps.google.com\/maps?q=SNM%20-%20M%C3%BAzeum%20Betliar%2C%20Hrad%20Kr%C3%A1sna%20H%C3%B4rka&#038;t=m&#038;z=15&#038;output=embed&#038;iwloc=near\"\n\t\t\t\t\ttitle=\"SNM - Betliar M\u00fazeum, Kr\u00e1sna H\u00f4rka v\u00e1ra\"\n\t\t\t\t\taria-label=\"SNM - Betliar M\u00fazeum, Kr\u00e1sna H\u00f4rka v\u00e1ra\"\n\t\t\t><\/iframe>\n\t\t<\/div>\n\t\t\t\t\t\t<\/div>\n\t\t\t\t<\/div>\n\t\t\t\t\t<\/div>\n\t\t<\/div>\n\t\t\t\t\t<\/div>\n\t\t<\/section>\n\t\t\t\t<\/div>","protected":false},"excerpt":{"rendered":"<p>Kr\u00e1sna H\u00f4rka v\u00e1r\u00e1nak t\u00f6rt\u00e9nete Kr\u00e1sna H\u00f4rka v\u00e1ra az egyetlen olyan szlov\u00e1kiai v\u00e1r, amelynek \u00e9p\u00edt\u00e9szete \u00e9s gy\u0171jtem\u00e9nyei szinte \u00e9rintetlen\u00fcl megmaradtak. A v\u00e1r els\u0151sorban v\u00e9delmi \u00e9s k\u00f6zigazgat\u00e1si funkci\u00f3t t\u00f6lt\u00f6tt be, \u00e9s csak kis m\u00e9rt\u00e9kben volt lak\u00f3funkci\u00f3ja. \u00c9p\u00edt\u00e9szet\u00e9nek megjelen\u00e9s\u00e9t a 18. sz\u00e1zad els\u0151 fel\u00e9ig tart\u00f3 \u00e1t\u00e9p\u00edt\u00e9sek befoly\u00e1solt\u00e1k, \u00e9s a kellemes hangulat\u00fa vid\u00e9ki rezidencia jelleg\u00e9t egyfajta fest\u0151i elhanyagolts\u00e1g \u00e9s romantikus [...].<\/p>","protected":false},"author":2,"featured_media":1264,"comment_status":"closed","ping_status":"closed","sticky":false,"template":"","format":"standard","meta":{"footnotes":""},"categories":[1,21],"tags":[91,86,87,90,88,89,80,81],"class_list":["post-76","post","type-post","status-publish","format-standard","has-post-thumbnail","hentry","category-historicke-pamiatky","category-krasy-prirody","tag-dobrodruzstvo","tag-dovolenka","tag-oddych","tag-pohoda","tag-prazdniny","tag-relax","tag-stromodom","tag-treehouse"],"_links":{"self":[{"href":"https:\/\/www.treehousekrasnahorka.sk\/hu\/wp-json\/wp\/v2\/posts\/76","targetHints":{"allow":["GET"]}}],"collection":[{"href":"https:\/\/www.treehousekrasnahorka.sk\/hu\/wp-json\/wp\/v2\/posts"}],"about":[{"href":"https:\/\/www.treehousekrasnahorka.sk\/hu\/wp-json\/wp\/v2\/types\/post"}],"author":[{"embeddable":true,"href":"https:\/\/www.treehousekrasnahorka.sk\/hu\/wp-json\/wp\/v2\/users\/2"}],"replies":[{"embeddable":true,"href":"https:\/\/www.treehousekrasnahorka.sk\/hu\/wp-json\/wp\/v2\/comments?post=76"}],"version-history":[{"count":6,"href":"https:\/\/www.treehousekrasnahorka.sk\/hu\/wp-json\/wp\/v2\/posts\/76\/revisions"}],"predecessor-version":[{"id":2759,"href":"https:\/\/www.treehousekrasnahorka.sk\/hu\/wp-json\/wp\/v2\/posts\/76\/revisions\/2759"}],"wp:featuredmedia":[{"embeddable":true,"href":"https:\/\/www.treehousekrasnahorka.sk\/hu\/wp-json\/wp\/v2\/media\/1264"}],"wp:attachment":[{"href":"https:\/\/www.treehousekrasnahorka.sk\/hu\/wp-json\/wp\/v2\/media?parent=76"}],"wp:term":[{"taxonomy":"category","embeddable":true,"href":"https:\/\/www.treehousekrasnahorka.sk\/hu\/wp-json\/wp\/v2\/categories?post=76"},{"taxonomy":"post_tag","embeddable":true,"href":"https:\/\/www.treehousekrasnahorka.sk\/hu\/wp-json\/wp\/v2\/tags?post=76"}],"curies":[{"name":"wp","href":"https:\/\/api.w.org\/{rel}","templated":true}]}}